{"id":3509,"date":"2025-02-08T04:33:04","date_gmt":"2025-02-08T03:33:04","guid":{"rendered":"http:\/\/es.sismonews.com\/es\/?p=3509"},"modified":"2025-02-08T03:59:22","modified_gmt":"2025-02-08T03:59:22","slug":"sismo-a-2km-de-la-serena-chile-febrero-8-2025-0321-utc","status":"publish","type":"post","link":"http:\/\/es.sismonews.com\/es\/2025\/02\/08\/sismo-a-2km-de-la-serena-chile-febrero-8-2025-0321-utc\/","title":{"rendered":"Sismo a 2km de La Serena, Chile. Febrero 8, 2025 &#8211; 03:21 UTC"},"content":{"rendered":"<div class=\"postie-post\">Un sismo se sinti\u00f3 hoy s\u00e1bado 8 de febrero de 2025, 03:21 UTC, a 2km de La Serena, Chile. El sismo fue reportado por 170 usuarios de la aplicaci\u00f3n Sismo Detector en un radio de 57km. Magnitud preliminar entre 3.8 y 4.4.<\/p>\n<div class=\"postie-attachments\"><img class=\"aligncenter size-full wp-image-3511\" src=http:\/\/es.sismonews.com\/es\/wp-content\/uploads\/2025\/02\/wordpress_report-15.gif alt=\"\" width=\"1024\" height=\"512\" \/><\/div>\n<\/div>\n","protected":false},"excerpt":{"rendered":"<p>Un sismo se sinti\u00f3 hoy s\u00e1bado 8 de febrero de 2025, 03:21 UTC, a 2km de La Serena, Chile. El sismo fue reportado por 170&hellip;<\/p>\n","protected":false},"author":1,"featured_media":3510,"comment_status":"closed","ping_status":"","sticky":false,"template":"","format":"standard","meta":{"footnotes":""},"categories":[4],"tags":[],"class_list":["post-3509","post","type-post","status-publish","format-standard","has-post-thumbnail","hentry","category-news"],"_links":{"self":[{"href":"http:\/\/es.sismonews.com\/es\/wp-json\/wp\/v2\/posts\/3509","targetHints":{"allow":["GET"]}}],"collection":[{"href":"http:\/\/es.sismonews.com\/es\/wp-json\/wp\/v2\/posts"}],"about":[{"href":"http:\/\/es.sismonews.com\/es\/wp-json\/wp\/v2\/types\/post"}],"author":[{"embeddable":true,"href":"http:\/\/es.sismonews.com\/es\/wp-json\/wp\/v2\/users\/1"}],"replies":[{"embeddable":true,"href":"http:\/\/es.sismonews.com\/es\/wp-json\/wp\/v2\/comments?post=3509"}],"version-history":[{"count":0,"href":"http:\/\/es.sismonews.com\/es\/wp-json\/wp\/v2\/posts\/3509\/revisions"}],"wp:featuredmedia":[{"embeddable":true,"href":"http:\/\/es.sismonews.com\/es\/wp-json\/wp\/v2\/media\/3510"}],"wp:attachment":[{"href":"http:\/\/es.sismonews.com\/es\/wp-json\/wp\/v2\/media?parent=3509"}],"wp:term":[{"taxonomy":"category","embeddable":true,"href":"http:\/\/es.sismonews.com\/es\/wp-json\/wp\/v2\/categories?post=3509"},{"taxonomy":"post_tag","embeddable":true,"href":"http:\/\/es.sismonews.com\/es\/wp-json\/wp\/v2\/tags?post=3509"}],"curies":[{"name":"wp","href":"https:\/\/api.w.org\/{rel}","templated":true}]}}